{"id":695,"date":"2020-09-02T22:20:47","date_gmt":"2020-09-02T22:20:47","guid":{"rendered":"http:\/\/wordpress.a-bothmann.de\/?p=695"},"modified":"2025-09-08T14:59:52","modified_gmt":"2025-09-08T14:59:52","slug":"informationen-zur-anmeldung-der-schulneulinge","status":"publish","type":"post","link":"https:\/\/www.ggs-oberforstbach.de\/index.php\/2020\/09\/02\/informationen-zur-anmeldung-der-schulneulinge\/","title":{"rendered":"Informationen zur Anmeldung der Schulneulinge"},"content":{"rendered":"\n<p><\/p>\n\n\n\n<p><\/p>\n\n\n\n<p class=\"has-text-align-center has-black-color has-text-color\" style=\"font-size:33px\"><strong>Die Grundschule Oberforstbach<\/strong><\/p>\n\n\n\n<p class=\"has-text-align-center has-black-color has-text-color\" style=\"font-size:25px\"><strong>l\u00e4dt ein<\/strong><\/p>\n\n\n\n<p class=\"has-text-align-center has-black-color has-text-color\" style=\"font-size:25px\"><strong>zum<\/strong><\/p>\n\n\n\n<p class=\"has-text-align-center has-black-color has-text-color\" style=\"font-size:33px\"><strong>Tag der offenen T\u00fcr<\/strong><\/p>\n\n\n\n<figure class=\"wp-block-image size-full\"><img loading=\"lazy\" decoding=\"async\" width=\"853\" height=\"507\" src=\"https:\/\/www.ggs-oberforstbach.de\/wp-content\/uploads\/2021\/09\/SchuleGGSOberforstbach.png\" alt=\"\" class=\"wp-image-1832\" srcset=\"https:\/\/www.ggs-oberforstbach.de\/wp-content\/uploads\/2021\/09\/SchuleGGSOberforstbach.png 853w, https:\/\/www.ggs-oberforstbach.de\/wp-content\/uploads\/2021\/09\/SchuleGGSOberforstbach-300x178.png 300w, https:\/\/www.ggs-oberforstbach.de\/wp-content\/uploads\/2021\/09\/SchuleGGSOberforstbach-768x456.png 768w\" sizes=\"auto, (max-width: 853px) 100vw, 853px\" \/><\/figure>\n\n\n\n<p class=\"has-text-align-center has-black-color has-text-color\" style=\"font-size:33px\"><strong>am Samstag, den <\/strong>20.09.2025<\/p>\n\n\n\n<p class=\"has-text-align-center has-black-color has-text-color\" style=\"font-size:33px\"><strong>von 8.30 Uhr \u2013 10.00 Uhr<\/strong><\/p>\n\n\n\n<p class=\"has-black-color has-text-color\">Die Familien der Vorschulkinder haben an diesem Tag die M\u00f6glichkeit, sich unsere sch\u00f6ne Schule anzusehen. Kommen Sie in ruhiger Atmosph\u00e4re mit uns ins Gespr\u00e4ch &#8211; wir freuen uns auf Sie und Ihre Kinder!<\/p>\n\n\n\n<p class=\"has-black-color has-text-color\">Informationsangebote zu: Deutsch und Mathematik in der Schuleingangsphase, Schulfach GL\u00dcCK, Aachener Modell, Naturschulhof, Streitschlichter, Arbeit mit dem iPad, IT 4 Kids, Informationsfilm, Schulsozialarbeit, F\u00fchrungen durch die Klassenr\u00e4ume, etc.<\/p>\n\n\n\n<p class=\"has-black-color has-text-color\"><\/p>\n\n\n\n<p class=\"has-black-color has-text-color\"><br>Die Grundschule Oberforstbach ist die zust\u00e4ndige Gemeinschaftsgrundschule f\u00fcr die Bereiche Oberforstbach, Schleckheim, N\u00fctheim, Niederforstbach, Lichtenbusch, Kornelim\u00fcnster, Teile von Sief und Gr\u00fcne Eiche.<\/p>\n\n\n\n<p><\/p>\n\n\n\n<p><\/p>\n","protected":false},"excerpt":{"rendered":"<p>Die Grundschule Oberforstbach l\u00e4dt ein zum Tag der offenen T\u00fcr am Samstag, den 20.09.2025 von 8.30 Uhr \u2013 10.00 Uhr Die Familien der Vorschulkinder haben an diesem Tag die M\u00f6glichkeit, sich unsere sch\u00f6ne Schule anzusehen. Kommen Sie in ruhiger Atmosph\u00e4re mit uns ins Gespr\u00e4ch &#8211; wir freuen uns auf Sie und Ihre Kinder! Informationsangebote zu: [&hellip;]<\/p>\n","protected":false},"author":6,"featured_media":0,"comment_status":"closed","ping_status":"closed","sticky":false,"template":"","format":"standard","meta":{"footnotes":""},"categories":[2,11],"tags":[],"class_list":["post-695","post","type-post","status-publish","format-standard","hentry","category-aktuelles","category-elterninfos","entry"],"_links":{"self":[{"href":"https:\/\/www.ggs-oberforstbach.de\/index.php\/wp-json\/wp\/v2\/posts\/695","targetHints":{"allow":["GET"]}}],"collection":[{"href":"https:\/\/www.ggs-oberforstbach.de\/index.php\/wp-json\/wp\/v2\/posts"}],"about":[{"href":"https:\/\/www.ggs-oberforstbach.de\/index.php\/wp-json\/wp\/v2\/types\/post"}],"author":[{"embeddable":true,"href":"https:\/\/www.ggs-oberforstbach.de\/index.php\/wp-json\/wp\/v2\/users\/6"}],"replies":[{"embeddable":true,"href":"https:\/\/www.ggs-oberforstbach.de\/index.php\/wp-json\/wp\/v2\/comments?post=695"}],"version-history":[{"count":13,"href":"https:\/\/www.ggs-oberforstbach.de\/index.php\/wp-json\/wp\/v2\/posts\/695\/revisions"}],"predecessor-version":[{"id":2657,"href":"https:\/\/www.ggs-oberforstbach.de\/index.php\/wp-json\/wp\/v2\/posts\/695\/revisions\/2657"}],"wp:attachment":[{"href":"https:\/\/www.ggs-oberforstbach.de\/index.php\/wp-json\/wp\/v2\/media?parent=695"}],"wp:term":[{"taxonomy":"category","embeddable":true,"href":"https:\/\/www.ggs-oberforstbach.de\/index.php\/wp-json\/wp\/v2\/categories?post=695"},{"taxonomy":"post_tag","embeddable":true,"href":"https:\/\/www.ggs-oberforstbach.de\/index.php\/wp-json\/wp\/v2\/tags?post=695"}],"curies":[{"name":"wp","href":"https:\/\/api.w.org\/{rel}","templated":true}]}}